{"id":2578,"date":"2019-05-15T12:23:34","date_gmt":"2019-05-15T11:23:34","guid":{"rendered":"http:\/\/begirada.fr\/?p=2578"},"modified":"2019-05-15T12:23:34","modified_gmt":"2019-05-15T11:23:34","slug":"expos-begirada-2019","status":"publish","type":"post","link":"https:\/\/begirada.fr\/index.php\/2019\/05\/15\/expos-begirada-2019\/","title":{"rendered":"Expos BEGIRADA 2019"},"content":{"rendered":"<p>Begirada 2019 est un \u00e9v\u00e9nement qui se d\u00e9roule du 1 juin au 31 ao\u00fbt pour proposer durant tout l&rsquo;\u00e9t\u00e9 des expositions photographiques dans plusieurs lieux \u00e0 Saint-Palais. Pour la seconde ann\u00e9e, les \u00e9l\u00e8ves de 4eme du coll\u00e8ge Amikuze de Saint Palais participent \u00e0 l&rsquo;\u00e9v\u00e9nement dans le cadre du cours d&rsquo;art plastique avec leur professeure Lucile Gobert. Lors de cette \u00e9dition, le cin\u00e9ma Saint-Louis devient partenaire de l&rsquo;\u00e9v\u00e9nement en projetant une exposition \u00e0 l&rsquo;entame de chaque film. L&rsquo;invit\u00e9e d&rsquo;honneur de cette programmation est une photographe r\u00e9gionale puisqu&rsquo;il s&rsquo;agit de Nahia Garat, une auteure photographe bordelaise originaire de Saint-Palais qui nous r\u00e9jouit d&rsquo;une magnifique exposition r\u00e9alis\u00e9e en argentique: ISLADA. Pour cette s\u00e9rie, durant cinq \u00e9t\u00e9s successifs, Nahia Garat a suivi une colonie de vacances itin\u00e9rante d\u2019Amikuze et nous pr\u00e9sente des photographies \u00e9mouvantes en noir et blanc qui ont le parfum de l&rsquo;enfance. \u00ab\u00a0Le portrait\u00a0\u00bb est le th\u00e8me principal du BEGIRADA 2019.<\/p>\n<p>&nbsp;<\/p>\n<p>Begirada 2019 ekainaren 2tik irailaren 30erat iraganen da. Argazki erakusketak proposatuko ditu udan zehar Donapaleuko toki desberdinetan. Aurten bigarren aldikotz, Donapaleuko Amikuze kolegioko laugarreneko ikasleek parte hartuko dute, Lucile Gobert arte plastikoetako erakaslearen kurtsoen kuadroan. Bestalde, Saint Louis zinegela gertakariaren partaide bilakatzen da ere, filma bakotx hasi aitzin erakusketa bat zinegelako pantailan ikusterat emanez. Aurtengo ohorezko gomita tokiko argazkilaria dugu, Nahia Garat izanen baita. Bordaleko argazkilariak, Donapauldarra jatorriz, loriatuko gaitu material analogikoarekin egin erakusketa zoragarriarekin\u00a0: ISLADA. Serie honendako Nahia Garatek 5 udaz Amikuzeko uda leku ibiltari bat segitu du eta hortik atera haurtzaroko zapore hunkigarria duten argazki xuri-beltzak aurkeztuko dauzkigu. \u00ab\u00a0Potreta\u00a0\u00bb da BEGIRADA 2019ren gai nagusia.<\/p>\n","protected":false},"excerpt":{"rendered":"<p>Begirada 2019 est un \u00e9v\u00e9nement qui se d\u00e9roule du 1 juin au 31 ao\u00fbt pour proposer durant tout l&rsquo;\u00e9t\u00e9 des expositions photographiques dans plusieurs lieux \u00e0 Saint-Palais. Pour la seconde ann\u00e9e, les \u00e9l\u00e8ves de 4eme du coll\u00e8ge Amikuze de Saint [&hellip;]<\/p>\n","protected":false},"author":1,"featured_media":2577,"comment_status":"closed","ping_status":"closed","sticky":false,"template":"","format":"standard","meta":[],"categories":[1],"tags":[],"_links":{"self":[{"href":"https:\/\/begirada.fr\/index.php\/wp-json\/wp\/v2\/posts\/2578"}],"collection":[{"href":"https:\/\/begirada.fr\/index.php\/wp-json\/wp\/v2\/posts"}],"about":[{"href":"https:\/\/begirada.fr\/index.php\/wp-json\/wp\/v2\/types\/post"}],"author":[{"embeddable":true,"href":"https:\/\/begirada.fr\/index.php\/wp-json\/wp\/v2\/users\/1"}],"replies":[{"embeddable":true,"href":"https:\/\/begirada.fr\/index.php\/wp-json\/wp\/v2\/comments?post=2578"}],"version-history":[{"count":1,"href":"https:\/\/begirada.fr\/index.php\/wp-json\/wp\/v2\/posts\/2578\/revisions"}],"predecessor-version":[{"id":2580,"href":"https:\/\/begirada.fr\/index.php\/wp-json\/wp\/v2\/posts\/2578\/revisions\/2580"}],"wp:featuredmedia":[{"embeddable":true,"href":"https:\/\/begirada.fr\/index.php\/wp-json\/wp\/v2\/media\/2577"}],"wp:attachment":[{"href":"https:\/\/begirada.fr\/index.php\/wp-json\/wp\/v2\/media?parent=2578"}],"wp:term":[{"taxonomy":"category","embeddable":true,"href":"https:\/\/begirada.fr\/index.php\/wp-json\/wp\/v2\/categories?post=2578"},{"taxonomy":"post_tag","embeddable":true,"href":"https:\/\/begirada.fr\/index.php\/wp-json\/wp\/v2\/tags?post=2578"}],"curies":[{"name":"wp","href":"https:\/\/api.w.org\/{rel}","templated":true}]}}